{"id":9660,"date":"2023-03-17T15:17:52","date_gmt":"2023-03-17T14:17:52","guid":{"rendered":"https:\/\/www.zmodrehokralovstvi.cz\/?p=9660"},"modified":"2023-03-17T15:17:54","modified_gmt":"2023-03-17T14:17:54","slug":"tak-cekame-dvoje-stenatka-asi-jsme-se-zblaznili","status":"publish","type":"post","link":"https:\/\/www.zmodrehokralovstvi.cz\/index.php\/2023\/03\/17\/tak-cekame-dvoje-stenatka-asi-jsme-se-zblaznili\/","title":{"rendered":"Tak \u010dek\u00e1me dvoje \u0161t\u011b\u0148\u00e1tka&#8230; asi jsme se zbl\u00e1znili! :-)"},"content":{"rendered":"\n<p>Dlouho, opravdu dlouho jsme nad t\u00edm p\u0159em\u00fd\u0161leli, jestli m\u00e1me m\u00edt dvoje \u0161t\u011b\u0148\u00e1tka v&nbsp;jednom roce. A to to m\u011blo b\u00fdt tak, \u017ee Ani\u010dce se m\u011bla narodit odhadem v&nbsp;lednu a R\u016f\u017eence a\u017e v&nbsp;kv\u011btnu (podle jejich minul\u00fdch h\u00e1r\u00e1n\u00ed). Jen\u017ee&#8230; v\u0161echno dopadlo jinak.<\/p>\n<p>Kdy\u017e n\u00e1m za\u010dala v&nbsp;\u00fanoru h\u00e1rat Ani\u010dka (o t\u0159i m\u011bs\u00edce pozd\u011bji ne\u017e jsme po\u010d\u00edtali), bylo to jasn\u00e9. Pojedem na kryt\u00ed k&nbsp;Samu. V\u0161e se dohodlo a potvrdilo a my jsme jen \u010dekali na ten spr\u00e1vn\u00fd den, kdy se pojede kr\u00fdt.<\/p>\n<p>U\u017e u\u017e jsme si pomalu balili v\u011bci, kdy\u017e ejhle&#8230; za\u010dala h\u00e1rat R\u016f\u017eenka. V\u011bd\u011bli jsme , \u017ee m\u00e1me jen p\u00e1r dn\u00ed na rozhodnut\u00ed. Moc se \u00e1m do toho necht\u011blo. P\u0159eci jen, je to \u0161\u00edlen\u00e1 kupa starost\u00ed s&nbsp;jedn\u00edm vrhem &#8211; a m\u00edt dva? U\u017e d\u0159\u00edve jsme R\u016f\u017eenku kryli zlat\u00fdm klukem, ale poprv\u00e9 to nevy\u0161lo (nestihli jsme spr\u00e1vn\u00e9 datum) a tak jsme zase hledali zlat\u00e9ho. M\u011bli jsme v&nbsp;hlav\u011b zkusit naposledy Samu, ale tentokr\u00e1t s&nbsp;R\u016f\u017eenkou (byl vybran\u00fd je\u0161t\u011b jeden fe\u0161\u00e1k, ale ten takhle alespo\u0148 bude pro na\u0161i novou hol\u010di\u010dku \ud83d\ude42 ). A pro\u010d? To je nakonec ten d\u016fvod, \u017ee jsme do toho \u0161li. Chceme zlatou hol\u010di\u010dku, kter\u00e1 bude \u010dasem n\u00e1stupkyn\u00ed Ani\u010dky a snad se j\u00ed poda\u0159\u00ed doj\u00edt o kus d\u00e1l ne\u017e Ani\u010dce. A Samu se n\u00e1m tak\u00e9 moc l\u00edb\u00ed a chceme m\u00edt hol\u010di\u010dku i po n\u011bm. <span class=\"x4k7w5x x1h91t0o x1h9r5lt xv2umb2 x1beo9mf xaigb6o x12ejxvf x3igimt xarpa2k xedcshv x1lytzrv x1t2pt76 x7ja8zs x1qrby5j x1jfb8zj\">Z t\u011bch dvou vrh\u016f si snad alespo\u0148 vybereme tu zlatou hol\u010di\u010dku&#8230;. to bude asi nejt\u011b\u017e\u0161\u00ed pak vybrat. Asi<\/span> tu nejhodn\u011bj\u0161\u00ed!!!<\/p>\n<p>Te\u010f u\u017e to v\u0161echno b\u011b\u017e\u00ed a ned\u00e1 se nic d\u011blat a my se p\u0159ipravujeme. Koupil jsem druhou d\u0159ev\u011bnou ohr\u00e1dku na miminka, dal\u0161\u00ed sadu kovov\u00fdch ohr\u00e1dek pro v\u011bt\u0161\u00ed \u0161\u0165\u011b\u0148\u00e1tka, dal\u0161\u00ed topnou de\u010dku, dal\u0161\u00ed misky na krmen\u00ed a j\u00e1 nev\u00edm co v\u0161echno je\u0161t\u011b dal\u0161\u00edho u\u017e jsem po\u0159\u00eddil&#8230;.. Jo, ud\u011blali jsme dal\u0161\u00ed dve\u0159e do domu ven na zahradu&#8230; A pak jsem ozn\u00e1mil v&nbsp;pr\u00e1ci, \u017ee letos budu m\u00edt v\u0161echnu dovolenou najednou v&nbsp;dubnu a kv\u011btnu &#8211; n\u011bkdo jezd\u00ed k&nbsp;mo\u0159i, ale j\u00e1 budu v&nbsp;n\u00e1dhern\u00e9m nebi mezi spoustou mal\u00fdch nos\u00e1lk\u016f.<\/p>\n","protected":false},"excerpt":{"rendered":"<p>Dlouho, opravdu dlouho jsme nad t\u00edm p\u0159em\u00fd\u0161leli, jestli m\u00e1me m\u00edt dvoje \u0161t\u011b\u0148\u00e1tka v&nbsp;jednom roce. A to to m\u011blo b\u00fdt tak, \u017ee Ani\u010dce se m\u011bla narodit odhadem v&nbsp;lednu a R\u016f\u017eence a\u017e v&nbsp;kv\u011btnu (podle jejich minul\u00fdch h\u00e1r\u00e1n\u00ed). Jen\u017ee&#8230; v\u0161echno dopadlo jinak. Kdy\u017e n\u00e1m za\u010dala v&nbsp;\u00fanoru h\u00e1rat Ani\u010dka (o t\u0159i m\u011bs\u00edce pozd\u011bji ne\u017e jsme po\u010d\u00edtali), bylo to jasn\u00e9. [&hellip;]<\/p>\n","protected":false},"author":2,"featured_media":9661,"comment_status":"open","ping_status":"closed","sticky":false,"template":"","format":"standard","meta":{"ngg_post_thumbnail":0,"footnotes":""},"categories":[5,10,13,16],"tags":[],"class_list":["post-9660","post","type-post","status-publish","format-standard","has-post-thumbnail","hentry","category-adina","category-bezinka","category-vrh-d","category-vrh-e","entry","has-media"],"post_mailing_queue_ids":[],"_links":{"self":[{"href":"https:\/\/www.zmodrehokralovstvi.cz\/index.php\/wp-json\/wp\/v2\/posts\/9660","targetHints":{"allow":["GET"]}}],"collection":[{"href":"https:\/\/www.zmodrehokralovstvi.cz\/index.php\/wp-json\/wp\/v2\/posts"}],"about":[{"href":"https:\/\/www.zmodrehokralovstvi.cz\/index.php\/wp-json\/wp\/v2\/types\/post"}],"author":[{"embeddable":true,"href":"https:\/\/www.zmodrehokralovstvi.cz\/index.php\/wp-json\/wp\/v2\/users\/2"}],"replies":[{"embeddable":true,"href":"https:\/\/www.zmodrehokralovstvi.cz\/index.php\/wp-json\/wp\/v2\/comments?post=9660"}],"version-history":[{"count":1,"href":"https:\/\/www.zmodrehokralovstvi.cz\/index.php\/wp-json\/wp\/v2\/posts\/9660\/revisions"}],"predecessor-version":[{"id":9662,"href":"https:\/\/www.zmodrehokralovstvi.cz\/index.php\/wp-json\/wp\/v2\/posts\/9660\/revisions\/9662"}],"wp:featuredmedia":[{"embeddable":true,"href":"https:\/\/www.zmodrehokralovstvi.cz\/index.php\/wp-json\/wp\/v2\/media\/9661"}],"wp:attachment":[{"href":"https:\/\/www.zmodrehokralovstvi.cz\/index.php\/wp-json\/wp\/v2\/media?parent=9660"}],"wp:term":[{"taxonomy":"category","embeddable":true,"href":"https:\/\/www.zmodrehokralovstvi.cz\/index.php\/wp-json\/wp\/v2\/categories?post=9660"},{"taxonomy":"post_tag","embeddable":true,"href":"https:\/\/www.zmodrehokralovstvi.cz\/index.php\/wp-json\/wp\/v2\/tags?post=9660"}],"curies":[{"name":"wp","href":"https:\/\/api.w.org\/{rel}","templated":true}]}}